{"id":3520,"date":"2024-07-25T08:50:58","date_gmt":"2024-07-25T07:50:58","guid":{"rendered":"https:\/\/scdonaueschingen.badischer-schachverband.de\/?p=3520"},"modified":"2024-07-25T08:51:12","modified_gmt":"2024-07-25T07:51:12","slug":"jugendschach-pausiert-bis-nach-den-sommerferien","status":"publish","type":"post","link":"https:\/\/scdonaueschingen.badischer-schachverband.de\/?p=3520","title":{"rendered":"Jugendschach Pausiert bis nach den sommerferien"},"content":{"rendered":"<p>Jugendschach Pausiert bis nach den Sommerferien<br \/>\nN\u00e4chstes Jugendschach Reitag 18:00 in der Sadtm\u00fchle am 13.09.2024<br \/>\nSch\u00f6ne Ferien<\/p>\n","protected":false},"excerpt":{"rendered":"<p>Jugendschach Pausiert bis nach den Sommerferien N\u00e4chstes Jugendschach Reitag 18:00 in der Sadtm\u00fchle am 13.09.2024 Sch\u00f6ne Ferien<\/p>\n","protected":false},"author":2,"featured_media":0,"comment_status":"open","ping_status":"open","sticky":false,"template":"","format":"standard","meta":{"footnotes":""},"categories":[1],"tags":[],"acf":[],"_links":{"self":[{"href":"https:\/\/scdonaueschingen.badischer-schachverband.de\/index.php?rest_route=\/wp\/v2\/posts\/3520"}],"collection":[{"href":"https:\/\/scdonaueschingen.badischer-schachverband.de\/index.php?rest_route=\/wp\/v2\/posts"}],"about":[{"href":"https:\/\/scdonaueschingen.badischer-schachverband.de\/index.php?rest_route=\/wp\/v2\/types\/post"}],"author":[{"embeddable":true,"href":"https:\/\/scdonaueschingen.badischer-schachverband.de\/index.php?rest_route=\/wp\/v2\/users\/2"}],"replies":[{"embeddable":true,"href":"https:\/\/scdonaueschingen.badischer-schachverband.de\/index.php?rest_route=%2Fwp%2Fv2%2Fcomments&post=3520"}],"version-history":[{"count":2,"href":"https:\/\/scdonaueschingen.badischer-schachverband.de\/index.php?rest_route=\/wp\/v2\/posts\/3520\/revisions"}],"predecessor-version":[{"id":3522,"href":"https:\/\/scdonaueschingen.badischer-schachverband.de\/index.php?rest_route=\/wp\/v2\/posts\/3520\/revisions\/3522"}],"wp:attachment":[{"href":"https:\/\/scdonaueschingen.badischer-schachverband.de\/index.php?rest_route=%2Fwp%2Fv2%2Fmedia&parent=3520"}],"wp:term":[{"taxonomy":"category","embeddable":true,"href":"https:\/\/scdonaueschingen.badischer-schachverband.de\/index.php?rest_route=%2Fwp%2Fv2%2Fcategories&post=3520"},{"taxonomy":"post_tag","embeddable":true,"href":"https:\/\/scdonaueschingen.badischer-schachverband.de\/index.php?rest_route=%2Fwp%2Fv2%2Ftags&post=3520"}],"curies":[{"name":"wp","href":"https:\/\/api.w.org\/{rel}","templated":true}]}}